{"id":6223,"date":"2026-03-18T18:39:54","date_gmt":"2026-03-18T18:39:54","guid":{"rendered":"https:\/\/blogespa.ecca.edu.es\/?p=6223"},"modified":"2026-03-19T08:32:09","modified_gmt":"2026-03-19T08:32:09","slug":"aviso-importante-cierre-temporal-de-centros-de-orientacion","status":"publish","type":"post","link":"https:\/\/blogespa.ecca.edu.es\/en\/aviso-importante-cierre-temporal-de-centros-de-orientacion\/","title":{"rendered":"SUSPENSI\u00d3N DE LA ACTIVIDAD LECTIVA PRESENCIAL POR ALERTA METEOROL\u00d3GICA"},"content":{"rendered":"<div class='booster-block booster-read-block'>\n                <div class=\"twp-read-time\">\n                \t<i class=\"booster-icon twp-clock\"><\/i> <span>Tiempo de lectura:<\/span>51 Segundos                <\/div>\n\n            <\/div><div class=\"gmail_default\">Debido a la actual situaci\u00f3n meteorol\u00f3gica, la Consejer\u00eda de Educaci\u00f3n, Formaci\u00f3n Profesional, Actividad F\u00edsica y Deportes del Gobierno de Canarias, siguiendo la recomendaci\u00f3n\u00a0y medidas preventivas decretadas por la Consejer\u00eda de Pol\u00edtica Territorial, Cohesi\u00f3n Territorial y Aguas, a trav\u00e9s de la D.G. de Emergencias y Protecci\u00f3n Civil,<\/div>\n<div><\/div>\n<div><\/div>\n<div class=\"gmail_default\"><b><u>INFORMA:<\/u><\/b><\/div>\n<div class=\"gmail_default\"><\/div>\n<div class=\"gmail_default\">Que los\u00a0centros educativos de las islas de<b>\u00a0La Palma, La Gomera, El Hierro, Tenerife y La Graciosa\u00a0<\/b>permanecer\u00e1n cerrados y cambiar\u00e1n la actividad lectiva a modalidad telem\u00e1tica\u00a0\u00a0<b>ma\u00f1ana jueves 19 de marzo de 2026.\u00a0<\/b>A estas islas se le a\u00f1adir\u00e1 Gran Canaria durante la tarde y noche.<\/div>\n<div class=\"gmail_default\"><\/div>\n<div class=\"gmail_default\">El\u00a0\u00a0<b>viernes 20 de marzo de 2026<\/b>\u00a0permanecer\u00e1n cerrados y su actividad lectiva pasar\u00e1 a telem\u00e1tica\u00a0 los centros educativos de\u00a0<b><u>todo el archipi\u00e9lago<\/u>.<\/b><\/div>\n<div><\/div>\n<div>\n<p><span style=\"font-weight: 400;\">En ESPA, la formaci\u00f3n continuar\u00e1 con normalidad a trav\u00e9s de la plataforma Classroom. Por favor, accedan a sus aulas virtuales para seguir las indicaciones de sus tutores\/as y continuar con las tareas y contenidos programados.<\/span><\/p>\n<p><span style=\"font-weight: 400;\">Rogamos a todos que tomen las precauciones necesarias.<\/span><\/p>\n<\/div>\n<p><span style=\"font-weight: 400;\">\u00a1Gracias por su comprensi\u00f3n!<\/span><\/p>\n<figure class=\"post_thumbnail\"><\/figure>\n<div class=\"article-content\">\n<p>&nbsp;<\/p>\n<\/div>","protected":false},"excerpt":{"rendered":"<p>Debido a la actual situaci\u00f3n meteorol\u00f3gica, la Consejer\u00eda de Educaci\u00f3n, Formaci\u00f3n Profesional, Actividad F\u00edsica y Deportes del Gobierno de Canarias, siguiendo la recomendaci\u00f3n\u00a0y medidas preventivas decretadas por la Consejer\u00eda de Pol\u00edtica Territorial, Cohesi\u00f3n Territorial y Aguas, a trav\u00e9s de la D.G. de Emergencias y Protecci\u00f3n Civil, INFORMA: Que los\u00a0centros educativos de las islas de\u00a0La Palma, [&hellip;]<\/p>","protected":false},"author":2,"featured_media":0,"comment_status":"closed","ping_status":"closed","sticky":false,"template":"","format":"standard","meta":{"footnotes":""},"categories":[1],"tags":[],"class_list":["post-6223","post","type-post","status-publish","format-standard","hentry","category-blog"],"_links":{"self":[{"href":"https:\/\/blogespa.ecca.edu.es\/en\/wp-json\/wp\/v2\/posts\/6223","targetHints":{"allow":["GET"]}}],"collection":[{"href":"https:\/\/blogespa.ecca.edu.es\/en\/wp-json\/wp\/v2\/posts"}],"about":[{"href":"https:\/\/blogespa.ecca.edu.es\/en\/wp-json\/wp\/v2\/types\/post"}],"author":[{"embeddable":true,"href":"https:\/\/blogespa.ecca.edu.es\/en\/wp-json\/wp\/v2\/users\/2"}],"replies":[{"embeddable":true,"href":"https:\/\/blogespa.ecca.edu.es\/en\/wp-json\/wp\/v2\/comments?post=6223"}],"version-history":[{"count":5,"href":"https:\/\/blogespa.ecca.edu.es\/en\/wp-json\/wp\/v2\/posts\/6223\/revisions"}],"predecessor-version":[{"id":6228,"href":"https:\/\/blogespa.ecca.edu.es\/en\/wp-json\/wp\/v2\/posts\/6223\/revisions\/6228"}],"wp:attachment":[{"href":"https:\/\/blogespa.ecca.edu.es\/en\/wp-json\/wp\/v2\/media?parent=6223"}],"wp:term":[{"taxonomy":"category","embeddable":true,"href":"https:\/\/blogespa.ecca.edu.es\/en\/wp-json\/wp\/v2\/categories?post=6223"},{"taxonomy":"post_tag","embeddable":true,"href":"https:\/\/blogespa.ecca.edu.es\/en\/wp-json\/wp\/v2\/tags?post=6223"}],"curies":[{"name":"wp","href":"https:\/\/api.w.org\/{rel}","templated":true}]}}